[{"@context":"https:\/\/schema.org\/","@type":"Article","@id":"https:\/\/www.envicrack.cz\/moznosti-kterym-se-meze-nekladou\/#Article","mainEntityOfPage":"https:\/\/www.envicrack.cz\/moznosti-kterym-se-meze-nekladou\/","headline":"Mo\u017enosti, kter\u00fdm se meze nekladou","name":"Mo\u017enosti, kter\u00fdm se meze nekladou","description":"Zn\u00e1te to, v\u017edy kdy\u017e n\u011bco nutn\u011b pot\u0159ebujete vy\u0159e\u0161it, tak se stane tolik v\u011bc\u00ed, \u017ee je situace je\u0161t\u011b slo\u017eit\u011bj\u0161\u00ed. Cht\u011bli jste na vytou\u017eenou dovolenou, ale vypov\u011bd\u011bl slu\u017ebu v\u016fz, nesehnali jste karavan. D\u016fle\u017eit\u00e1 slu\u017eebn\u00ed cesta, ale vlakem se dopravit bude zbyte\u010dn\u011b slo\u017eit\u00e9 a v\u016fz budete pot\u0159ebovat i na m\u00edst\u011b. St\u011bhov\u00e1n\u00ed, kdy v\u00e1m sl\u00edbil n\u00e1kladn\u00ed v\u016fz kamar\u00e1d, ale [&hellip;]","datePublished":"2025-03-30","dateModified":"2025-03-30","author":{"@type":"Person","@id":"https:\/\/www.envicrack.cz\/author\/#Person","name":"","url":"https:\/\/www.envicrack.cz\/author\/","identifier":1,"image":{"@type":"ImageObject","@id":"https:\/\/secure.gravatar.com\/avatar\/32bc2d377216483c132a3bbf038b8838926e0616f1b3d0e9cb50d997f0b052ba?s=96&d=mm&r=g","url":"https:\/\/secure.gravatar.com\/avatar\/32bc2d377216483c132a3bbf038b8838926e0616f1b3d0e9cb50d997f0b052ba?s=96&d=mm&r=g","height":96,"width":96}},"publisher":{"@type":"Organization","name":"envicrack.cz","logo":{"@type":"ImageObject","@id":"\/logo.png","url":"\/logo.png","width":600,"height":60}},"url":"https:\/\/www.envicrack.cz\/moznosti-kterym-se-meze-nekladou\/","wordCount":223,"articleBody":"Zn\u00e1te to, v\u017edy kdy\u017e n\u011bco nutn\u011b pot\u0159ebujete vy\u0159e\u0161it, tak se stane tolik v\u011bc\u00ed, \u017ee je situace je\u0161t\u011b slo\u017eit\u011bj\u0161\u00ed. Cht\u011bli jste na vytou\u017eenou dovolenou, ale vypov\u011bd\u011bl slu\u017ebu v\u016fz, nesehnali jste karavan. D\u016fle\u017eit\u00e1 slu\u017eebn\u00ed cesta, ale vlakem se dopravit bude zbyte\u010dn\u011b slo\u017eit\u00e9 a v\u016fz budete pot\u0159ebovat i na m\u00edst\u011b. St\u011bhov\u00e1n\u00ed, kdy v\u00e1m sl\u00edbil n\u00e1kladn\u00ed v\u016fz kamar\u00e1d, ale najednou to nejde. Tolik v\u011bc\u00ed, kter\u00e9 jde vy\u0159e\u0161it na jednom m\u00edst\u011b. Nav\u0161tivte p\u0159ece autop\u016fj\u010dovnu a z\u00edsk\u00e1te za skv\u011bl\u00e9 ceny osobn\u00ed i n\u00e1kladn\u00ed vozidlo, dokonal\u00fd karavan a rovnou si m\u016f\u017eete zamluvit i lo\u010f. Objednejte si vozidlo sv\u00fdch sn\u016f \u017de to nejde, proto\u017ee nem\u00e1te je\u0161t\u011b u\u0161et\u0159en\u00e9 pen\u00edze a leasing v\u00e1m \u017e\u00e1dn\u00e1 banka neschv\u00e1lila? A kdo hovo\u0159\u00ed hned o n\u00e1kupu vozidla? V\u00e1m p\u0159ece sta\u010d\u00ed nav\u0161t\u00edvit autop\u016fj\u010dovnu a vybrat si vozidlo sv\u00fdch sn\u016f a p\u0159\u00e1n\u00ed. Je\u0161t\u011b nikdy jste ne\u0159\u00eddili Mercedes? M\u00e1te jedine\u010dnou p\u0159\u00edle\u017eitost a ud\u011bl\u00e1te dojem i na \u017eenu sv\u00fdch sn\u016f. I v\u00e1\u0161 \u0161\u00e9f v\u00e1m bude jen z\u00e1vid\u011bt.                                                                                                                                                                                                                                                                                                                                                                                                "},{"@context":"https:\/\/schema.org\/","@type":"BreadcrumbList","itemListElement":[{"@type":"ListItem","position":1,"name":"Mo\u017enosti, kter\u00fdm se meze nekladou","item":"https:\/\/www.envicrack.cz\/moznosti-kterym-se-meze-nekladou\/#breadcrumbitem"}]}]